{"id":1834,"date":"2020-04-09T22:49:47","date_gmt":"2020-04-09T20:49:47","guid":{"rendered":"https:\/\/137notaires.eliott-markus.cloud\/libres-propos-sur-le-droit-de-preference-legaldordre-publicdu-preneur-dun-local-a-usage-commercial\/"},"modified":"2020-04-09T22:49:47","modified_gmt":"2020-04-09T20:49:47","slug":"libres-propos-sur-le-droit-de-preference-legaldordre-publicdu-preneur-dun-local-a-usage-commercial","status":"publish","type":"post","link":"https:\/\/137notaires.com\/en\/libres-propos-sur-le-droit-de-preference-legaldordre-publicdu-preneur-dun-local-a-usage-commercial\/","title":{"rendered":"Libres propos sur le droit de pr\u00e9f\u00e9rence l\u00e9gal,d&#8217;ordre public,du preneur d&#8217;un local \u00e0 usage commercial"},"content":{"rendered":"<p>\n<p> <\/p>\n\n\n\n<p><\/p>\n\n\n\n<p>L&#8217;article  L. 145-46-1 du code de commerce, cr\u00e9ation de la loi &#8220;Pinel&#8221; n\u00b0 2014-626,  instaure le 18 juin 2014  un droit de pr\u00e9f\u00e9rence l\u00e9gal  au profit du  preneur d&#8217;un local \u00e0 usage commercial. <\/p>\n\n\n\n<p>Il a  imm\u00e9diatement \u00e9t\u00e9 source de difficult\u00e9s nombreuses pour les praticiens dont, celle de son application dans  le temps et celle de sa nature : cette disposition est -elle d&#8217;ordre public ou suppl\u00e9tive de volont\u00e9 ?<\/p>\n\n\n\n<p>Consid\u00e9r\u00e9, par certains, comme suppl\u00e9tif et non applicable aux baux en cours,  l&#8217;id\u00e9e \u00e9tait n\u00e9e d&#8217;appliquer cette disposition uniquement aux baux sign\u00e9s  apr\u00e8s l&#8217;entr\u00e9e en vigueur de la loi &#8220;Pinel&#8221; soit,  apr\u00e8s le 18 d\u00e9cembre 2014 et d&#8217;ins\u00e9rer des clauses de renonciation \u00e0 ce droit et donc de l&#8217;exclure,  d\u00e8s la conclusion du bail;  alors m\u00eame, que la cession de l&#8217;immeuble n&#8217;\u00e9tait pas d&#8217;actualit\u00e9 au jour de la signature de celui-ci. <\/p>\n\n\n\n<p><\/p>\n\n\n\n<p class=\"has-text-align-center\"><em><strong>Les juges du fond et de droit sont venus mettre de l&#8217;ordre entre ces diff\u00e9rents points de vue <\/strong><\/em><\/p>\n\n\n\n<p><\/p>\n\n\n\n<p class=\"has-text-align-left\">Dans une d\u00e9cision du 28 juin 2018 &#8211; n\u00b0 17-14.605.-, la Haute Juridiction affirme, avec conviction, la nature d&#8217;ordre public du droit de pr\u00e9f\u00e9rence du preneur d&#8217;un local \u00e0 usage commercial, institu\u00e9 par l&#8217;article L.145-46-1 du Code de commerce. Depuis, cet arr\u00eat, le d\u00e9bat sur ce point pr\u00e9cis, semble clos : les juges de droit comblent les lacunes de la loi et qualifient un texte d&#8217;ordre public alors qu&#8217;il n&#8217;est pas \u00e9rig\u00e9 comme tel, par le l\u00e9gislateur.<\/p>\n\n\n\n<p class=\"has-text-align-left\"> N\u00e9anmoins, avant m\u00eame cette d\u00e9cision,  les r\u00e9dacteurs d&#8217;actes ne se risquaient pas \u00e0 passer une  vente d&#8217;un local \u00e0 usage commercial lou\u00e9 sans,  en amont,  avoir notifi\u00e9 au preneur \u00e0 bail une offre de vente tel que l&#8217;indique l&#8217;article L.145-46- 1 du Code de commerce ; et donc purger son droit de pr\u00e9f\u00e9rence l\u00e9gal. <\/p>\n\n\n\n<p class=\"has-text-align-left\">La prudence \u00e9tait donc de mise. <\/p>\n\n\n\n<p>En effet, la pratique consid\u00e9rait logique de comprendre, dans le silence de la loi, que si le l\u00e9gislateur s&#8217;\u00e9tait pris la peine d&#8217;ins\u00e9rer un droit de pr\u00e9f\u00e9rence l\u00e9gal, c&#8217;\u00e9tait, comme pour les autres droits de pr\u00e9emption, pour qu&#8217;il soit d&#8217;ordre public. <\/p>\n\n\n\n<p>Mais de quel ordre public parle t-on, de l&#8217;ordre public de direction ou celui de protection? La question est de prime abord  d&#8217;importance : dans le premier cas , il est impossible d&#8217;y renoncer, dans le second, une fois le droit acquis par le titulaire, il est envisageable qu&#8217;il y renonce. <\/p>\n\n\n\n<p>En toute logique, il s&#8217;agirait ici d&#8217;un ordre public de protection. Ce droit prot\u00e8ge un int\u00e9r\u00eat particulier  : il est institu\u00e9 pour p\u00e9renniser l&#8217;activit\u00e9 du  preneur en lui donnant un droit de priorit\u00e9 sur l&#8217;acquisition d&#8217;un local, dans lequel il exerce souvent son activit\u00e9, depuis un certain temps. <\/p>\n\n\n\n<p>Ainsi, si ce droit rev\u00eat une telle nature, il sera n\u00e9cessaire d&#8217;attendre la d\u00e9cision de vendre du bailleur pour \u00e9ventuellement proposer au preneur, une fois son droit de pr\u00e9f\u00e9rence n\u00e9, d&#8217;y renoncer. <\/p>\n\n\n\n<p>A l&#8217;analyse, il est permis de douter de l&#8217;int\u00e9r\u00eat pratique de cette d\u00e9marche qui permettrait, \u00e0 tout le moins, de raccourcir le d\u00e9lai de r\u00e9ponse du preneur \u00e0 l&#8217;offre de vente. <\/p>\n\n\n\n<p class=\"has-text-align-left\">Qu&#8217;on se le tienne donc pour dit : aucune renonciation conventionnelle au droit de pr\u00e9f\u00e9rence l\u00e9gal ne peut faire l&#8217;objet d&#8217;une clause ins\u00e9r\u00e9e dans un bail au jour de sa conclusion, m\u00eame si il est pr\u00e9cis\u00e9 que le preneur a parfaitement conscience des effets de cette renonciation. La seule renonciation possible serait celle effectu\u00e9e au moment o\u00f9  propri\u00e9taire envisage de vendre son local. <\/p>\n\n\n\n<p><\/p>\n\n\n\n<p class=\"has-text-align-center\"><strong><em>La renonciation \u00e0 un droit d&#8217;ordre public de protection est impossible tant que ce droit n&#8217;est pas acquis et donc ici tant que le processus contractuel de vendre n&#8217;est pas entam\u00e9.  <\/em><\/strong><\/p>\n\n\n\n<p><\/p>\n\n\n\n<p>La Cour d&#8217;appel d&#8217;Aix en Provence, dans une d\u00e9cision du 3 mars 2020, vient de r\u00e9affirmer ce caract\u00e8re d&#8217;ordre public de l&#8217;article L.145-46-1 du Code de commerce, mettant ainsi ses pas dans ceux de la Cour de cassation.  <\/p>\n\n\n\n<p>Allant au del\u00e0 de la seule question de la nature d&#8217;ordre public de ce droit, elle en d\u00e9duit les cons\u00e9quences, lorsque le preneur, ayant \u00e9mis -suite \u00e0 la purge de son droit &#8211; la volont\u00e9 d&#8217;acqu\u00e9rir, est d\u00e9faillant et ne r\u00e9alise pas l&#8217;acquisition envisag\u00e9e dans les d\u00e9lai l\u00e9gaux. <\/p>\n\n\n\n<p class=\"has-text-align-left\">Appliquant l&#8217;alin\u00e9a 2 de l&#8217;article L.145-46-1 du Code qui donne au preneur un d\u00e9lai de deux mois pour la  r\u00e9alisation de la vente &#8211; d\u00e9lai port\u00e9 \u00e0 quatre mois s&#8217;il a recours \u00e0 un pr\u00eat- et, constatant la d\u00e9faillance des preneurs dans le d\u00e9lai imparti, les juges du fond d\u00e9clarent la vente parfaite au profit du tiers b\u00e9n\u00e9ficiaire. <\/p>\n\n\n\n<p class=\"has-text-align-left\">Ainsi, si la vente, du fait du preneur, ne se r\u00e9alise pas dans les d\u00e9lais l\u00e9gaux,  les juges d\u00e9nient alors tout effet \u00e0 ce droit de &#8220;priorit\u00e9&#8221;. <\/p>\n\n\n\n<p class=\"has-text-align-left\">En pratique, \u00e0 d\u00e9faut de r\u00e9alisation de la vente par acte authentique dans un des deux d\u00e9lais pr\u00e9cit\u00e9s, le b\u00e9n\u00e9ficiaire de l&#8217;article L.146-45- 1 du Code de commerce perd son droit de pr\u00e9f\u00e9rence l\u00e9gal, de son fait, et, l&#8217;acqu\u00e9reur initial peut, le cas \u00e9ch\u00e9ant, r\u00e9aliser la vente \u00e0 son profit. <\/p>\n\n\n\n<p>Toutefois, m\u00eame si ce droit de pr\u00e9f\u00e9rence l\u00e9gal est d&#8217;ordre public, rien n&#8217;emp\u00eache les praticiens, de pr\u00e9voir, lors de la r\u00e9daction du bail,  un pacte de pr\u00e9f\u00e9rence conventionnel tel qu&#8217;institu\u00e9 par l&#8217;article 1123 du Code civil et ce, au profit d&#8217;un b\u00e9n\u00e9ficiaire autre que le locataire. <\/p>\n\n\n\n<p>Primera, bien entendu, le droit de pr\u00e9f\u00e9rence l\u00e9gal du locataire sur le pacte de pr\u00e9f\u00e9rence conventionnel. Mais en cas de refus d&#8217;acqu\u00e9rir de celui-ci, le b\u00e9n\u00e9ficiaire du pacte sera alors libre de l&#8217;acqu\u00e9rir. Et \u00e0 d\u00e9faut, l&#8217;acqu\u00e9reur initial, b\u00e9n\u00e9ficiaire d&#8217;aucun droit ou pacte de pr\u00e9f\u00e9rence pourrait \u00e0 son tour l&#8217;emporter&#8230;.<\/p>\n\n\n\n<p>Notre plume de r\u00e9dacteur reste donc libre d&#8217;utiliser les r\u00e8gles du Code civil lorsque celles-ci peuvent vivre en harmonie avec des dispositions sp\u00e9ciales d&#8217;ordre public. <\/p>\n\n\n\n<p>L&#8217;appel est l\u00e0 encore lanc\u00e9 \u00e0 notre imagination et \u00e0 notre facult\u00e9 d&#8217;adaptation&#8230; <\/p>\n\n\n\n<p><\/p>\n\n\n\n<p><\/p>\n\n\n\n<p><\/p>\n\n\n\n<p><\/p>\n\n\n\n<p><\/p>\n\n\n\n<p>  <\/p>\n\n\n\n<p><\/p>\n\n\n\n<p>  <\/p>\n\n\n\n<figure class=\"wp-block-image\"><a href=\"https:\/\/www.dalloz.fr\/documentation\/Document?id=CASS_LIEUVIDE_2018-05-17_1716113&#038;FromId=CODES_CCOM\"><img decoding=\"async\" src=\"https:\/\/www.dalloz.fr\/documentation\/hulkStatic\/DZ\/sharp_TRANSVERSE\/images\/picto-jurisprudence.gif\" alt=\"\"\/><\/a><\/figure>\n\n\n\n<p><br><em> <\/em><\/p>\n\n\n\n<p><\/p>\n\n\n\n<figure class=\"wp-block-image\"><img decoding=\"async\" src=\"https:\/\/www.dalloz.fr\/documentation\/hulkStatic\/DZ\/sharp_TRANSVERSE\/imgs\/lozf.gif\" alt=\"\"\/><\/figure>\n\n\n\n<p>  <\/p>\n\n\n\n<p><\/p>\n<\/p>","protected":false},"excerpt":{"rendered":"<p>L&#8217;article L. 145-46-1 du code de commerce, cr\u00e9ation de la loi &#8220;Pinel&#8221; n\u00b0 2014-626, instaure le 18 juin 2014 un droit de pr\u00e9f\u00e9rence l\u00e9gal au profit du preneur d&#8217;un local \u00e0 usage commercial. Il a imm\u00e9diatement \u00e9t\u00e9 source de difficult\u00e9s nombreuses pour les praticiens dont, celle de son application dans le temps et celle de [&hellip;]<\/p>\n","protected":false},"author":1,"featured_media":0,"comment_status":"open","ping_status":"open","sticky":false,"template":"","format":"standard","meta":{"_acf_changed":false,"footnotes":""},"categories":[24],"tags":[],"class_list":["post-1834","post","type-post","status-publish","format-standard","hentry","category-legal"],"acf":[],"yoast_head":"<!-- This site is optimized with the Yoast SEO plugin v27.3 - https:\/\/yoast.com\/product\/yoast-seo-wordpress\/ -->\n<title>Libres propos sur le droit de pr\u00e9f\u00e9rence l\u00e9gal,d&#039;ordre public,du preneur d&#039;un local \u00e0 usage commercial - 137 notaires<\/title>\n<meta name=\"description\" content=\"L\u2019article L. 145-46-1 du code de commerce, cr\u00e9ation de la loi \u00ab Pinel \u00bb n\u00b0 2014-626, instaure le 18 juin 2014 un droit de pr\u00e9f\u00e9rence l\u00e9gal au profit du preneur d\u2019un local \u00e0 usage commercial.Il a imm\u00e9diatement \u00e9t\u00e9 source de difficult\u00e9s nombreuses pour les praticiens dont, celle de son application dans le temps et celle de sa nature : cette disposition est -elle d\u2019ordre public ou suppl\u00e9tive de volont\u00e9 ?\" \/>\n<meta name=\"robots\" content=\"index, follow, max-snippet:-1, max-image-preview:large, max-video-preview:-1\" \/>\n<link rel=\"canonical\" href=\"https:\/\/137notaires.com\/en\/libres-propos-sur-le-droit-de-preference-legaldordre-publicdu-preneur-dun-local-a-usage-commercial\/\" \/>\n<meta property=\"og:locale\" content=\"en_US\" \/>\n<meta property=\"og:type\" content=\"article\" \/>\n<meta property=\"og:title\" content=\"Libres propos sur le droit de pr\u00e9f\u00e9rence l\u00e9gal,d&#039;ordre public,du preneur d&#039;un local \u00e0 usage commercial - 137 notaires\" \/>\n<meta property=\"og:description\" content=\"L\u2019article L. 145-46-1 du code de commerce, cr\u00e9ation de la loi \u00ab Pinel \u00bb n\u00b0 2014-626, instaure le 18 juin 2014 un droit de pr\u00e9f\u00e9rence l\u00e9gal au profit du preneur d\u2019un local \u00e0 usage commercial.Il a imm\u00e9diatement \u00e9t\u00e9 source de difficult\u00e9s nombreuses pour les praticiens dont, celle de son application dans le temps et celle de sa nature : cette disposition est -elle d\u2019ordre public ou suppl\u00e9tive de volont\u00e9 ?\" \/>\n<meta property=\"og:url\" content=\"https:\/\/137notaires.com\/en\/libres-propos-sur-le-droit-de-preference-legaldordre-publicdu-preneur-dun-local-a-usage-commercial\/\" \/>\n<meta property=\"og:site_name\" content=\"137 notaires\" \/>\n<meta property=\"article:published_time\" content=\"2020-04-09T20:49:47+00:00\" \/>\n<meta property=\"og:image\" content=\"https:\/\/www.dalloz.fr\/documentation\/hulkStatic\/DZ\/sharp_TRANSVERSE\/images\/picto-jurisprudence.gif\" \/>\n<meta name=\"author\" content=\"notaires137\" \/>\n<meta name=\"twitter:card\" content=\"summary_large_image\" \/>\n<meta name=\"twitter:label1\" content=\"Written by\" \/>\n\t<meta name=\"twitter:data1\" content=\"notaires137\" \/>\n\t<meta name=\"twitter:label2\" content=\"Est. reading time\" \/>\n\t<meta name=\"twitter:data2\" content=\"6 minutes\" \/>\n<script type=\"application\/ld+json\" class=\"yoast-schema-graph\">{\"@context\":\"https:\\\/\\\/schema.org\",\"@graph\":[{\"@type\":\"Article\",\"@id\":\"https:\\\/\\\/137notaires.com\\\/en\\\/libres-propos-sur-le-droit-de-preference-legaldordre-publicdu-preneur-dun-local-a-usage-commercial\\\/#article\",\"isPartOf\":{\"@id\":\"https:\\\/\\\/137notaires.com\\\/en\\\/libres-propos-sur-le-droit-de-preference-legaldordre-publicdu-preneur-dun-local-a-usage-commercial\\\/\"},\"author\":{\"name\":\"notaires137\",\"@id\":\"https:\\\/\\\/137notaires.com\\\/#\\\/schema\\\/person\\\/95cc0f13347d40e912a9d18b4bfb1d10\"},\"headline\":\"Libres propos sur le droit de pr\u00e9f\u00e9rence l\u00e9gal,d&#8217;ordre public,du preneur d&#8217;un local \u00e0 usage commercial\",\"datePublished\":\"2020-04-09T20:49:47+00:00\",\"mainEntityOfPage\":{\"@id\":\"https:\\\/\\\/137notaires.com\\\/en\\\/libres-propos-sur-le-droit-de-preference-legaldordre-publicdu-preneur-dun-local-a-usage-commercial\\\/\"},\"wordCount\":1145,\"commentCount\":0,\"image\":{\"@id\":\"https:\\\/\\\/137notaires.com\\\/en\\\/libres-propos-sur-le-droit-de-preference-legaldordre-publicdu-preneur-dun-local-a-usage-commercial\\\/#primaryimage\"},\"thumbnailUrl\":\"https:\\\/\\\/www.dalloz.fr\\\/documentation\\\/hulkStatic\\\/DZ\\\/sharp_TRANSVERSE\\\/images\\\/picto-jurisprudence.gif\",\"articleSection\":[\"Legal\"],\"inLanguage\":\"en-US\",\"potentialAction\":[{\"@type\":\"CommentAction\",\"name\":\"Comment\",\"target\":[\"https:\\\/\\\/137notaires.com\\\/en\\\/libres-propos-sur-le-droit-de-preference-legaldordre-publicdu-preneur-dun-local-a-usage-commercial\\\/#respond\"]}]},{\"@type\":\"WebPage\",\"@id\":\"https:\\\/\\\/137notaires.com\\\/en\\\/libres-propos-sur-le-droit-de-preference-legaldordre-publicdu-preneur-dun-local-a-usage-commercial\\\/\",\"url\":\"https:\\\/\\\/137notaires.com\\\/en\\\/libres-propos-sur-le-droit-de-preference-legaldordre-publicdu-preneur-dun-local-a-usage-commercial\\\/\",\"name\":\"Libres propos sur le droit de pr\u00e9f\u00e9rence l\u00e9gal,d'ordre public,du preneur d'un local \u00e0 usage commercial - 137 notaires\",\"isPartOf\":{\"@id\":\"https:\\\/\\\/137notaires.com\\\/#website\"},\"primaryImageOfPage\":{\"@id\":\"https:\\\/\\\/137notaires.com\\\/en\\\/libres-propos-sur-le-droit-de-preference-legaldordre-publicdu-preneur-dun-local-a-usage-commercial\\\/#primaryimage\"},\"image\":{\"@id\":\"https:\\\/\\\/137notaires.com\\\/en\\\/libres-propos-sur-le-droit-de-preference-legaldordre-publicdu-preneur-dun-local-a-usage-commercial\\\/#primaryimage\"},\"thumbnailUrl\":\"https:\\\/\\\/www.dalloz.fr\\\/documentation\\\/hulkStatic\\\/DZ\\\/sharp_TRANSVERSE\\\/images\\\/picto-jurisprudence.gif\",\"datePublished\":\"2020-04-09T20:49:47+00:00\",\"author\":{\"@id\":\"https:\\\/\\\/137notaires.com\\\/#\\\/schema\\\/person\\\/95cc0f13347d40e912a9d18b4bfb1d10\"},\"description\":\"L\u2019article L. 145-46-1 du code de commerce, cr\u00e9ation de la loi \u00ab Pinel \u00bb n\u00b0 2014-626, instaure le 18 juin 2014 un droit de pr\u00e9f\u00e9rence l\u00e9gal au profit du preneur d\u2019un local \u00e0 usage commercial.Il a imm\u00e9diatement \u00e9t\u00e9 source de difficult\u00e9s nombreuses pour les praticiens dont, celle de son application dans le temps et celle de sa nature : cette disposition est -elle d\u2019ordre public ou suppl\u00e9tive de volont\u00e9 ?\",\"breadcrumb\":{\"@id\":\"https:\\\/\\\/137notaires.com\\\/en\\\/libres-propos-sur-le-droit-de-preference-legaldordre-publicdu-preneur-dun-local-a-usage-commercial\\\/#breadcrumb\"},\"inLanguage\":\"en-US\",\"potentialAction\":[{\"@type\":\"ReadAction\",\"target\":[\"https:\\\/\\\/137notaires.com\\\/en\\\/libres-propos-sur-le-droit-de-preference-legaldordre-publicdu-preneur-dun-local-a-usage-commercial\\\/\"]}]},{\"@type\":\"ImageObject\",\"inLanguage\":\"en-US\",\"@id\":\"https:\\\/\\\/137notaires.com\\\/en\\\/libres-propos-sur-le-droit-de-preference-legaldordre-publicdu-preneur-dun-local-a-usage-commercial\\\/#primaryimage\",\"url\":\"https:\\\/\\\/www.dalloz.fr\\\/documentation\\\/hulkStatic\\\/DZ\\\/sharp_TRANSVERSE\\\/images\\\/picto-jurisprudence.gif\",\"contentUrl\":\"https:\\\/\\\/www.dalloz.fr\\\/documentation\\\/hulkStatic\\\/DZ\\\/sharp_TRANSVERSE\\\/images\\\/picto-jurisprudence.gif\"},{\"@type\":\"BreadcrumbList\",\"@id\":\"https:\\\/\\\/137notaires.com\\\/en\\\/libres-propos-sur-le-droit-de-preference-legaldordre-publicdu-preneur-dun-local-a-usage-commercial\\\/#breadcrumb\",\"itemListElement\":[{\"@type\":\"ListItem\",\"position\":1,\"name\":\"Accueil\",\"item\":\"https:\\\/\\\/137notaires.com\\\/en\\\/\"},{\"@type\":\"ListItem\",\"position\":2,\"name\":\"Libres propos sur le droit de pr\u00e9f\u00e9rence l\u00e9gal,d&#8217;ordre public,du preneur d&#8217;un local \u00e0 usage commercial\"}]},{\"@type\":\"WebSite\",\"@id\":\"https:\\\/\\\/137notaires.com\\\/#website\",\"url\":\"https:\\\/\\\/137notaires.com\\\/\",\"name\":\"137 notaires\",\"description\":\"\",\"potentialAction\":[{\"@type\":\"SearchAction\",\"target\":{\"@type\":\"EntryPoint\",\"urlTemplate\":\"https:\\\/\\\/137notaires.com\\\/?s={search_term_string}\"},\"query-input\":{\"@type\":\"PropertyValueSpecification\",\"valueRequired\":true,\"valueName\":\"search_term_string\"}}],\"inLanguage\":\"en-US\"},{\"@type\":\"Person\",\"@id\":\"https:\\\/\\\/137notaires.com\\\/#\\\/schema\\\/person\\\/95cc0f13347d40e912a9d18b4bfb1d10\",\"name\":\"notaires137\",\"image\":{\"@type\":\"ImageObject\",\"inLanguage\":\"en-US\",\"@id\":\"https:\\\/\\\/secure.gravatar.com\\\/avatar\\\/e82a1c875af1d10692c1bb24d4aa42c9c59dd307bec1ee5f88b9145de9873f1b?s=96&d=mm&r=g\",\"url\":\"https:\\\/\\\/secure.gravatar.com\\\/avatar\\\/e82a1c875af1d10692c1bb24d4aa42c9c59dd307bec1ee5f88b9145de9873f1b?s=96&d=mm&r=g\",\"contentUrl\":\"https:\\\/\\\/secure.gravatar.com\\\/avatar\\\/e82a1c875af1d10692c1bb24d4aa42c9c59dd307bec1ee5f88b9145de9873f1b?s=96&d=mm&r=g\",\"caption\":\"notaires137\"},\"sameAs\":[\"http:\\\/\\\/localhost\\\/notaires137\"]}]}<\/script>\n<!-- \/ Yoast SEO plugin. -->","yoast_head_json":{"title":"Libres propos sur le droit de pr\u00e9f\u00e9rence l\u00e9gal,d'ordre public,du preneur d'un local \u00e0 usage commercial - 137 notaires","description":"L\u2019article L. 145-46-1 du code de commerce, cr\u00e9ation de la loi \u00ab Pinel \u00bb n\u00b0 2014-626, instaure le 18 juin 2014 un droit de pr\u00e9f\u00e9rence l\u00e9gal au profit du preneur d\u2019un local \u00e0 usage commercial.Il a imm\u00e9diatement \u00e9t\u00e9 source de difficult\u00e9s nombreuses pour les praticiens dont, celle de son application dans le temps et celle de sa nature : cette disposition est -elle d\u2019ordre public ou suppl\u00e9tive de volont\u00e9 ?","robots":{"index":"index","follow":"follow","max-snippet":"max-snippet:-1","max-image-preview":"max-image-preview:large","max-video-preview":"max-video-preview:-1"},"canonical":"https:\/\/137notaires.com\/en\/libres-propos-sur-le-droit-de-preference-legaldordre-publicdu-preneur-dun-local-a-usage-commercial\/","og_locale":"en_US","og_type":"article","og_title":"Libres propos sur le droit de pr\u00e9f\u00e9rence l\u00e9gal,d'ordre public,du preneur d'un local \u00e0 usage commercial - 137 notaires","og_description":"L\u2019article L. 145-46-1 du code de commerce, cr\u00e9ation de la loi \u00ab Pinel \u00bb n\u00b0 2014-626, instaure le 18 juin 2014 un droit de pr\u00e9f\u00e9rence l\u00e9gal au profit du preneur d\u2019un local \u00e0 usage commercial.Il a imm\u00e9diatement \u00e9t\u00e9 source de difficult\u00e9s nombreuses pour les praticiens dont, celle de son application dans le temps et celle de sa nature : cette disposition est -elle d\u2019ordre public ou suppl\u00e9tive de volont\u00e9 ?","og_url":"https:\/\/137notaires.com\/en\/libres-propos-sur-le-droit-de-preference-legaldordre-publicdu-preneur-dun-local-a-usage-commercial\/","og_site_name":"137 notaires","article_published_time":"2020-04-09T20:49:47+00:00","og_image":[{"url":"https:\/\/www.dalloz.fr\/documentation\/hulkStatic\/DZ\/sharp_TRANSVERSE\/images\/picto-jurisprudence.gif","type":"","width":"","height":""}],"author":"notaires137","twitter_card":"summary_large_image","twitter_misc":{"Written by":"notaires137","Est. reading time":"6 minutes"},"schema":{"@context":"https:\/\/schema.org","@graph":[{"@type":"Article","@id":"https:\/\/137notaires.com\/en\/libres-propos-sur-le-droit-de-preference-legaldordre-publicdu-preneur-dun-local-a-usage-commercial\/#article","isPartOf":{"@id":"https:\/\/137notaires.com\/en\/libres-propos-sur-le-droit-de-preference-legaldordre-publicdu-preneur-dun-local-a-usage-commercial\/"},"author":{"name":"notaires137","@id":"https:\/\/137notaires.com\/#\/schema\/person\/95cc0f13347d40e912a9d18b4bfb1d10"},"headline":"Libres propos sur le droit de pr\u00e9f\u00e9rence l\u00e9gal,d&#8217;ordre public,du preneur d&#8217;un local \u00e0 usage commercial","datePublished":"2020-04-09T20:49:47+00:00","mainEntityOfPage":{"@id":"https:\/\/137notaires.com\/en\/libres-propos-sur-le-droit-de-preference-legaldordre-publicdu-preneur-dun-local-a-usage-commercial\/"},"wordCount":1145,"commentCount":0,"image":{"@id":"https:\/\/137notaires.com\/en\/libres-propos-sur-le-droit-de-preference-legaldordre-publicdu-preneur-dun-local-a-usage-commercial\/#primaryimage"},"thumbnailUrl":"https:\/\/www.dalloz.fr\/documentation\/hulkStatic\/DZ\/sharp_TRANSVERSE\/images\/picto-jurisprudence.gif","articleSection":["Legal"],"inLanguage":"en-US","potentialAction":[{"@type":"CommentAction","name":"Comment","target":["https:\/\/137notaires.com\/en\/libres-propos-sur-le-droit-de-preference-legaldordre-publicdu-preneur-dun-local-a-usage-commercial\/#respond"]}]},{"@type":"WebPage","@id":"https:\/\/137notaires.com\/en\/libres-propos-sur-le-droit-de-preference-legaldordre-publicdu-preneur-dun-local-a-usage-commercial\/","url":"https:\/\/137notaires.com\/en\/libres-propos-sur-le-droit-de-preference-legaldordre-publicdu-preneur-dun-local-a-usage-commercial\/","name":"Libres propos sur le droit de pr\u00e9f\u00e9rence l\u00e9gal,d'ordre public,du preneur d'un local \u00e0 usage commercial - 137 notaires","isPartOf":{"@id":"https:\/\/137notaires.com\/#website"},"primaryImageOfPage":{"@id":"https:\/\/137notaires.com\/en\/libres-propos-sur-le-droit-de-preference-legaldordre-publicdu-preneur-dun-local-a-usage-commercial\/#primaryimage"},"image":{"@id":"https:\/\/137notaires.com\/en\/libres-propos-sur-le-droit-de-preference-legaldordre-publicdu-preneur-dun-local-a-usage-commercial\/#primaryimage"},"thumbnailUrl":"https:\/\/www.dalloz.fr\/documentation\/hulkStatic\/DZ\/sharp_TRANSVERSE\/images\/picto-jurisprudence.gif","datePublished":"2020-04-09T20:49:47+00:00","author":{"@id":"https:\/\/137notaires.com\/#\/schema\/person\/95cc0f13347d40e912a9d18b4bfb1d10"},"description":"L\u2019article L. 145-46-1 du code de commerce, cr\u00e9ation de la loi \u00ab Pinel \u00bb n\u00b0 2014-626, instaure le 18 juin 2014 un droit de pr\u00e9f\u00e9rence l\u00e9gal au profit du preneur d\u2019un local \u00e0 usage commercial.Il a imm\u00e9diatement \u00e9t\u00e9 source de difficult\u00e9s nombreuses pour les praticiens dont, celle de son application dans le temps et celle de sa nature : cette disposition est -elle d\u2019ordre public ou suppl\u00e9tive de volont\u00e9 ?","breadcrumb":{"@id":"https:\/\/137notaires.com\/en\/libres-propos-sur-le-droit-de-preference-legaldordre-publicdu-preneur-dun-local-a-usage-commercial\/#breadcrumb"},"inLanguage":"en-US","potentialAction":[{"@type":"ReadAction","target":["https:\/\/137notaires.com\/en\/libres-propos-sur-le-droit-de-preference-legaldordre-publicdu-preneur-dun-local-a-usage-commercial\/"]}]},{"@type":"ImageObject","inLanguage":"en-US","@id":"https:\/\/137notaires.com\/en\/libres-propos-sur-le-droit-de-preference-legaldordre-publicdu-preneur-dun-local-a-usage-commercial\/#primaryimage","url":"https:\/\/www.dalloz.fr\/documentation\/hulkStatic\/DZ\/sharp_TRANSVERSE\/images\/picto-jurisprudence.gif","contentUrl":"https:\/\/www.dalloz.fr\/documentation\/hulkStatic\/DZ\/sharp_TRANSVERSE\/images\/picto-jurisprudence.gif"},{"@type":"BreadcrumbList","@id":"https:\/\/137notaires.com\/en\/libres-propos-sur-le-droit-de-preference-legaldordre-publicdu-preneur-dun-local-a-usage-commercial\/#breadcrumb","itemListElement":[{"@type":"ListItem","position":1,"name":"Accueil","item":"https:\/\/137notaires.com\/en\/"},{"@type":"ListItem","position":2,"name":"Libres propos sur le droit de pr\u00e9f\u00e9rence l\u00e9gal,d&#8217;ordre public,du preneur d&#8217;un local \u00e0 usage commercial"}]},{"@type":"WebSite","@id":"https:\/\/137notaires.com\/#website","url":"https:\/\/137notaires.com\/","name":"137 notaires","description":"","potentialAction":[{"@type":"SearchAction","target":{"@type":"EntryPoint","urlTemplate":"https:\/\/137notaires.com\/?s={search_term_string}"},"query-input":{"@type":"PropertyValueSpecification","valueRequired":true,"valueName":"search_term_string"}}],"inLanguage":"en-US"},{"@type":"Person","@id":"https:\/\/137notaires.com\/#\/schema\/person\/95cc0f13347d40e912a9d18b4bfb1d10","name":"notaires137","image":{"@type":"ImageObject","inLanguage":"en-US","@id":"https:\/\/secure.gravatar.com\/avatar\/e82a1c875af1d10692c1bb24d4aa42c9c59dd307bec1ee5f88b9145de9873f1b?s=96&d=mm&r=g","url":"https:\/\/secure.gravatar.com\/avatar\/e82a1c875af1d10692c1bb24d4aa42c9c59dd307bec1ee5f88b9145de9873f1b?s=96&d=mm&r=g","contentUrl":"https:\/\/secure.gravatar.com\/avatar\/e82a1c875af1d10692c1bb24d4aa42c9c59dd307bec1ee5f88b9145de9873f1b?s=96&d=mm&r=g","caption":"notaires137"},"sameAs":["http:\/\/localhost\/notaires137"]}]}},"_links":{"self":[{"href":"https:\/\/137notaires.com\/en\/wp-json\/wp\/v2\/posts\/1834","targetHints":{"allow":["GET"]}}],"collection":[{"href":"https:\/\/137notaires.com\/en\/wp-json\/wp\/v2\/posts"}],"about":[{"href":"https:\/\/137notaires.com\/en\/wp-json\/wp\/v2\/types\/post"}],"author":[{"embeddable":true,"href":"https:\/\/137notaires.com\/en\/wp-json\/wp\/v2\/users\/1"}],"replies":[{"embeddable":true,"href":"https:\/\/137notaires.com\/en\/wp-json\/wp\/v2\/comments?post=1834"}],"version-history":[{"count":0,"href":"https:\/\/137notaires.com\/en\/wp-json\/wp\/v2\/posts\/1834\/revisions"}],"wp:attachment":[{"href":"https:\/\/137notaires.com\/en\/wp-json\/wp\/v2\/media?parent=1834"}],"wp:term":[{"taxonomy":"category","embeddable":true,"href":"https:\/\/137notaires.com\/en\/wp-json\/wp\/v2\/categories?post=1834"},{"taxonomy":"post_tag","embeddable":true,"href":"https:\/\/137notaires.com\/en\/wp-json\/wp\/v2\/tags?post=1834"}],"curies":[{"name":"wp","href":"https:\/\/api.w.org\/{rel}","templated":true}]}}