{"id":1822,"date":"2023-06-27T22:17:38","date_gmt":"2023-06-27T20:17:38","guid":{"rendered":"https:\/\/137notaires.eliott-markus.cloud\/lheritier-reservataire-le-legataire-universel-et-la-declaration-de-succession-une-trilogie-delicate-2\/"},"modified":"2023-06-27T22:17:38","modified_gmt":"2023-06-27T20:17:38","slug":"lheritier-reservataire-le-legataire-universel-et-la-declaration-de-succession-une-trilogie-delicate-2","status":"publish","type":"post","link":"https:\/\/137notaires.com\/en\/lheritier-reservataire-le-legataire-universel-et-la-declaration-de-succession-une-trilogie-delicate-2\/","title":{"rendered":"L&#8217;h\u00e9ritier r\u00e9servataire, le l\u00e9gataire universel et la d\u00e9claration de succession : une trilogie d\u00e9licate"},"content":{"rendered":"<p>\n<p class=\"has-text-align-center\"><em>Retour sur la d\u00e9cision du Conseil constitutionnel du 1er juin 2023  n\u00b0 2023-1051 QPC<\/em><\/p>\n\n\n\n<p><\/p>\n\n\n\n<p><\/p>\n\n\n\n<p>L\u2019h\u00e9ritier r\u00e9servataire est-il tenu de d\u00e9poser, en pr\u00e9sence d\u2019un l\u00e9gataire universel, une d\u00e9claration de succession dans les six mois du d\u00e9c\u00e8s?<\/p>\n\n\n\n<p>Le Conseil constitutionnel a r\u00e9pondu par l\u2019affirmative, \u00e0 l\u2019occasion, d\u2019une question prioritaire de constitutionnalit\u00e9.<\/p>\n\n\n\n<p>La doctrine administrative, il est vrai, est claire sur ce sujet.<\/p>\n\n\n\n<p>Ainsi,  <em>\u00ab\u00a0le d\u00e9lai fix\u00e9 par la loi est le m\u00eame pour tous. Il s&#8217;applique m\u00eame aux h\u00e9ritiers ou l\u00e9gataires mineurs. Ce d\u00e9lai court du jour du d\u00e9c\u00e8s, sans que l&#8217;administration ait \u00e0 prouver l&#8217;acceptation des h\u00e9ritiers, donataires ou l\u00e9gataires. Le principe est applicable m\u00eame lorsque les successibles contestent la validit\u00e9 du testament laiss\u00e9 par le d\u00e9funt. Ainsi, en principe, tout h\u00e9ritier apparent doit d\u00e9clarer la succession dans le d\u00e9lai l\u00e9gal, m\u00eame s&#8217;il n&#8217;a pas encore obtenu la d\u00e9livrance de son legs ou si la d\u00e9volution h\u00e9r\u00e9ditaire est contest\u00e9e\u00a0\u00bb(V. BOI-ENR-DMTG-10-60-50, 30\u00a0oct. 2014, \u00a7\u00a040)<\/em>.<\/p>\n\n\n\n<p>Le seul cas particulier est celui de la contestation des droits successoraux pouvant donner lieu \u00e0 un report du d\u00e9lai de l&#8217;article 641 du Code G\u00e9n\u00e9ral des Imp\u00f4ts et ce,  \u00e0 certaines conditions &#8211; Cass. com, 5 mars 1991, n\u00b0 89-18298. <\/p>\n\n\n\n<p>Mais un l\u00e9gataire universel, est, d\u00e8s le jour du d\u00e9c\u00e8s,  imm\u00e9diatement saisi de l\u2019int\u00e9gralit\u00e9 de l\u2019actif successoral.<\/p>\n\n\n\n<p>L&#8217;h\u00e9ritier r\u00e9servataire obtient, quant \u00e0 lui, le r\u00e8glement de sa r\u00e9serve h\u00e9r\u00e9ditaire par le paiement, le cas \u00e9ch\u00e9ant, de l&#8217;indemnit\u00e9 de r\u00e9duction lui revenant,  lorsque ses droits sont d\u00e9termin\u00e9s.  <\/p>\n\n\n\n<p>Celui-ci a int\u00e9r\u00eat \u00e0 fixer rapidement le montant de sa cr\u00e9ance, afin d&#8217;\u00e9viter toute source de difficult\u00e9 relative \u00e0 l&#8217;\u00e9tat et la valorisation des biens \u00e0 l&#8217;ouverture de la succession.<\/p>\n\n\n\n<p>Mais, la fixation et le paiement de cette indemnit\u00e9 prennent du temps, m\u00eame si les parties s\u2019entendent \u00e0 l\u2019amiable. <\/p>\n\n\n\n<p>Et,  le d\u00e9lai aff\u00e9rent \u00e0 la d\u00e9claration de succession reste, quant \u00e0 lui, limit\u00e9 par la r\u00e9glementation fiscale : l\u2019application cumulatives des articles 724 alin\u00e9a 1 du Code civil et 641 et 1701 du Code G\u00e9n\u00e9ral des Imp\u00f4ts conduisent \u00e0 un r\u00e8glement des droits de succession dans un d\u00e9lai de six mois \u00e0 compter du jour du d\u00e9c\u00e8s.<\/p>\n\n\n\n<p><\/p>\n\n\n\n<p class=\"has-text-align-center\"><strong>Il apparait alors d\u00e9licat de concilier ce d\u00e9lai de six mois et le temps r\u00e9el de la succession ! <\/strong><\/p>\n\n\n\n<p><\/p>\n\n\n\n<p>En pr\u00e9sence d\u2019un l\u00e9gataire universel ces dispositions l\u00e9gales conduisent, dans certaines circonstances, l&#8217;h\u00e9ritier r\u00e9servataire \u00e0 payer les droits de succession avant le r\u00e8glement de sa cr\u00e9ance d&#8217;indemnit\u00e9 de r\u00e9duction. <\/p>\n\n\n\n<p>M\u00eame si h\u00e9ritiers et l\u00e9gataires se mettent d\u2019accord et \u00e9vitent ainsi un contentieux, le temps de l&#8217;accord est incompressible et d\u00e9passe souvent le d\u00e9lai l\u00e9gal de 6 mois. <\/p>\n\n\n\n<p>Tel est le cas, dans cette  d\u00e9cision, du 1er juin 2023.<\/p>\n\n\n\n<p>L&#8217;administration fiscale notifie aux h\u00e9ritiers une proposition de rectification, du fait d&#8217;un d\u00e9p\u00f4t hors d\u00e9lai de la d\u00e9claration de succession &#8211; int\u00e9r\u00eats de retard et une majoration de 10\u00a0% .<\/p>\n\n\n\n<p>Le d\u00e9p\u00f4t a eu lieu apr\u00e8s le d\u00e9lai de 6 mois en raison de la signature d&#8217;un protocole d&#8217;accord sur le montant de l&#8217;indemnit\u00e9 de r\u00e9duction. <\/p>\n\n\n\n<p>La question prioritaire de constitutionnalit\u00e9 est donc fond\u00e9e sur l&#8217;article\u00a013 de la D\u00e9claration des droits de l&#8217;homme et du citoyen de 1789 posant le principe d&#8217;\u00e9galit\u00e9 devant les charges publiques \u00a0&#8211; Cass. com., 5\u00a0avril 2023, n\u00b0\u00a023-40.001.<\/p>\n\n\n\n<p>Ainsi, lorsque la perception d&#8217;un revenu ou d&#8217;une ressource est soumise \u00e0 une imposition, celle-ci doit \u00eatre acquitt\u00e9e par celui qui dispose de ce revenu ou de cette ressource.<\/p>\n\n\n\n<p>D\u00e8s lors, il apparait contraire \u00e0 ce principe, d&#8217;obliger ici l&#8217;h\u00e9ritier \u00e0 d\u00e9poser la d\u00e9claration et \u00e0 r\u00e9gler les droits dans ce d\u00e9lai l\u00e9gal de 6 mois. <\/p>\n\n\n\n<p>Toutefois, le Conseil Constitutionnel estime qu&#8217;en pr\u00e9sence d\u2019un l\u00e9gataire universel, les h\u00e9ritiers r\u00e9servataires sont tenus de verser des droits de succession au titre des biens non encore transmis et dont ils n\u2019auraient pas encore per\u00e7u la contre-valeur imposable.<\/p>\n\n\n\n<p>Ce n&#8217;est donc pas contraire \u00e0 l&#8217;article 13 de la D\u00e9claration des droits de l&#8217;homme. <\/p>\n\n\n\n<p><\/p>\n\n\n\n<p class=\"has-text-align-center\"><strong>Les sages du Palais Royal consid\u00e8rent que le versement de l\u2019indemnit\u00e9 \u00e0 l\u2019h\u00e9ritier r\u00e9servataire,  retard\u00e9 du fait de la pr\u00e9sence d&#8217;un l\u00e9gataire universel,  est sans incidence sur l\u2019appr\u00e9ciation des capacit\u00e9s contributives de l\u2019h\u00e9ritier .<\/strong><\/p>\n\n\n\n<p><\/p>\n\n\n\n<p>S&#8217;agissant de l&#8217;h\u00e9ritier r\u00e9servataire, cr\u00e9ancier d&#8217;une indemnit\u00e9 de r\u00e9duction, il ne peut donc pas diff\u00e9rer l&#8217;exigibilit\u00e9 des droits de mutation aff\u00e9rents \u00e0 sa part r\u00e9servataire en invoquant le retard du l\u00e9gataire universel dans le paiement de sa cr\u00e9ance.<\/p>\n\n\n\n<p>Ainsi, \u00a0il est dans l\u2019obligation de verser le montant des droits dus alors m\u00eame qu&#8217;il n&#8217;aurait pas encore re\u00e7u le paiement de sa cr\u00e9ance.<\/p>\n\n\n\n<p>Les h\u00e9ritiers r\u00e9servataire peuvent-ils alors demander au l\u00e9gataire le remboursement des p\u00e9nalit\u00e9s de retard pay\u00e9es \u00e0 l&#8217;administration fiscale ? <\/p>\n\n\n\n<p>La r\u00e9ponse est n\u00e9gative. <\/p>\n\n\n\n<p>L&#8217;application ex\u00e9g\u00e9tique des articles  1705 et 1709 du Code g\u00e9n\u00e9ral des Imp\u00f4ts &#8211; d\u00e9signant les d\u00e9biteurs des droits de succession &#8211; conduit la Cour de cassation \u00e0 consid\u00e9rer que le l\u00e9gataire universel ne peut \u00eatre tenu du r\u00e8glement des droits de succession d&#8217;un bien, dont il n&#8217;est pas le b\u00e9n\u00e9ficiaire final<sup> <\/sup>&#8211; Cass. 1re civ., 10 juill. 1990, n\u00b0 88-19.475.<\/p>\n\n\n\n<p>La position de l&#8217;administration fiscale, confort\u00e9e par le Conseil Constitutionnel, s&#8217;en trouve renforc\u00e9e : elle ne tiendra pas compte\u00a0des circonstances emp\u00eachant le redevable de transmettre la d\u00e9claration de succession dans les 6 mois du d\u00e9c\u00e8s notamment lorsqu\u2019il lui est impossible, dans ce d\u00e9lai, de connaitre le montant de l&#8217;\u00e9molument qu&#8217;il doit recueillir. <\/p>\n\n\n\n<p><\/p>\n\n\n\n<p class=\"has-text-align-center\"><strong>La question est alors de s\u00e9curiser l&#8217;h\u00e9ritier r\u00e9servataire agissant en r\u00e9duction du leg universel. <\/strong><\/p>\n\n\n\n<p><\/p>\n\n\n\n<p>Ne pourrions-nous pas sugg\u00e9rer au l\u00e9gislateur d\u2019attribuer \u00e0 l\u2019h\u00e9ritier r\u00e9servataire une s\u00fbret\u00e9 sur les biens l\u00e9gu\u00e9s tant que sa cr\u00e9ance au titre de l\u2019indemnit\u00e9 de r\u00e9duction n\u2019est pas pay\u00e9e?<\/p>\n\n\n\n<p>L\u00e9galement, il suffirait de modifier l\u2019article 924 du Code civil en attribuant, par exemple, un droit de r\u00e9tention sur ces biens au profit de l\u2019h\u00e9ritier r\u00e9servataire et ce, dans l\u2019attente du paiement de sa cr\u00e9ance ou, un privil\u00e8ge l\u00e9gal du fait de sa qualit\u00e9 d&#8217;h\u00e9ritier. <\/p>\n\n\n\n<p>A d\u00e9faut, l\u2019on ne peut que constater la situation de fragilit\u00e9 dans laquelle se trouve cet h\u00e9ritier, contraint de payer des droits, sans pouvoir connaitre de mani\u00e8re pr\u00e9cise leur \u00e9tendue et le quantum de l\u2019indemnit\u00e9 de r\u00e9duction.<\/p>\n\n\n\n<p><\/p>\n\n\n\n<p><\/p>\n<\/p>","protected":false},"excerpt":{"rendered":"<p>Retour sur la d\u00e9cision du Conseil constitutionnel du 1er juin 2023 n\u00b0 2023-1051 QPC L\u2019h\u00e9ritier r\u00e9servataire est-il tenu de d\u00e9poser, en pr\u00e9sence d\u2019un l\u00e9gataire universel, une d\u00e9claration de succession dans les six mois du d\u00e9c\u00e8s? Le Conseil constitutionnel a r\u00e9pondu par l\u2019affirmative, \u00e0 l\u2019occasion, d\u2019une question prioritaire de constitutionnalit\u00e9. La doctrine administrative, il est vrai, [&hellip;]<\/p>\n","protected":false},"author":1,"featured_media":0,"comment_status":"open","ping_status":"open","sticky":false,"template":"","format":"standard","meta":{"_acf_changed":false,"footnotes":""},"categories":[24],"tags":[],"class_list":["post-1822","post","type-post","status-publish","format-standard","hentry","category-legal"],"acf":[],"yoast_head":"<!-- This site is optimized with the Yoast SEO plugin v27.3 - https:\/\/yoast.com\/product\/yoast-seo-wordpress\/ -->\n<title>L&#039;h\u00e9ritier r\u00e9servataire, le l\u00e9gataire universel et la d\u00e9claration de succession : une trilogie d\u00e9licate - 137 notaires<\/title>\n<meta name=\"robots\" content=\"index, follow, max-snippet:-1, max-image-preview:large, max-video-preview:-1\" \/>\n<link rel=\"canonical\" href=\"https:\/\/137notaires.com\/en\/lheritier-reservataire-le-legataire-universel-et-la-declaration-de-succession-une-trilogie-delicate-2\/\" \/>\n<meta property=\"og:locale\" content=\"en_US\" \/>\n<meta property=\"og:type\" content=\"article\" \/>\n<meta property=\"og:title\" content=\"L&#039;h\u00e9ritier r\u00e9servataire, le l\u00e9gataire universel et la d\u00e9claration de succession : une trilogie d\u00e9licate - 137 notaires\" \/>\n<meta property=\"og:description\" content=\"Retour sur la d\u00e9cision du Conseil constitutionnel du 1er juin 2023 n\u00b0 2023-1051 QPC L\u2019h\u00e9ritier r\u00e9servataire est-il tenu de d\u00e9poser, en pr\u00e9sence d\u2019un l\u00e9gataire universel, une d\u00e9claration de succession dans les six mois du d\u00e9c\u00e8s? Le Conseil constitutionnel a r\u00e9pondu par l\u2019affirmative, \u00e0 l\u2019occasion, d\u2019une question prioritaire de constitutionnalit\u00e9. La doctrine administrative, il est vrai, [&hellip;]\" \/>\n<meta property=\"og:url\" content=\"https:\/\/137notaires.com\/en\/lheritier-reservataire-le-legataire-universel-et-la-declaration-de-succession-une-trilogie-delicate-2\/\" \/>\n<meta property=\"og:site_name\" content=\"137 notaires\" \/>\n<meta property=\"article:published_time\" content=\"2023-06-27T20:17:38+00:00\" \/>\n<meta name=\"author\" content=\"notaires137\" \/>\n<meta name=\"twitter:card\" content=\"summary_large_image\" \/>\n<meta name=\"twitter:label1\" content=\"Written by\" \/>\n\t<meta name=\"twitter:data1\" content=\"notaires137\" \/>\n\t<meta name=\"twitter:label2\" content=\"Est. reading time\" \/>\n\t<meta name=\"twitter:data2\" content=\"6 minutes\" \/>\n<script type=\"application\/ld+json\" class=\"yoast-schema-graph\">{\"@context\":\"https:\\\/\\\/schema.org\",\"@graph\":[{\"@type\":\"Article\",\"@id\":\"https:\\\/\\\/137notaires.com\\\/en\\\/lheritier-reservataire-le-legataire-universel-et-la-declaration-de-succession-une-trilogie-delicate-2\\\/#article\",\"isPartOf\":{\"@id\":\"https:\\\/\\\/137notaires.com\\\/en\\\/lheritier-reservataire-le-legataire-universel-et-la-declaration-de-succession-une-trilogie-delicate-2\\\/\"},\"author\":{\"name\":\"notaires137\",\"@id\":\"https:\\\/\\\/137notaires.com\\\/#\\\/schema\\\/person\\\/95cc0f13347d40e912a9d18b4bfb1d10\"},\"headline\":\"L&#8217;h\u00e9ritier r\u00e9servataire, le l\u00e9gataire universel et la d\u00e9claration de succession : une trilogie d\u00e9licate\",\"datePublished\":\"2023-06-27T20:17:38+00:00\",\"mainEntityOfPage\":{\"@id\":\"https:\\\/\\\/137notaires.com\\\/en\\\/lheritier-reservataire-le-legataire-universel-et-la-declaration-de-succession-une-trilogie-delicate-2\\\/\"},\"wordCount\":1224,\"commentCount\":0,\"articleSection\":[\"Legal\"],\"inLanguage\":\"en-US\",\"potentialAction\":[{\"@type\":\"CommentAction\",\"name\":\"Comment\",\"target\":[\"https:\\\/\\\/137notaires.com\\\/en\\\/lheritier-reservataire-le-legataire-universel-et-la-declaration-de-succession-une-trilogie-delicate-2\\\/#respond\"]}]},{\"@type\":\"WebPage\",\"@id\":\"https:\\\/\\\/137notaires.com\\\/en\\\/lheritier-reservataire-le-legataire-universel-et-la-declaration-de-succession-une-trilogie-delicate-2\\\/\",\"url\":\"https:\\\/\\\/137notaires.com\\\/en\\\/lheritier-reservataire-le-legataire-universel-et-la-declaration-de-succession-une-trilogie-delicate-2\\\/\",\"name\":\"L'h\u00e9ritier r\u00e9servataire, le l\u00e9gataire universel et la d\u00e9claration de succession : une trilogie d\u00e9licate - 137 notaires\",\"isPartOf\":{\"@id\":\"https:\\\/\\\/137notaires.com\\\/#website\"},\"datePublished\":\"2023-06-27T20:17:38+00:00\",\"author\":{\"@id\":\"https:\\\/\\\/137notaires.com\\\/#\\\/schema\\\/person\\\/95cc0f13347d40e912a9d18b4bfb1d10\"},\"breadcrumb\":{\"@id\":\"https:\\\/\\\/137notaires.com\\\/en\\\/lheritier-reservataire-le-legataire-universel-et-la-declaration-de-succession-une-trilogie-delicate-2\\\/#breadcrumb\"},\"inLanguage\":\"en-US\",\"potentialAction\":[{\"@type\":\"ReadAction\",\"target\":[\"https:\\\/\\\/137notaires.com\\\/en\\\/lheritier-reservataire-le-legataire-universel-et-la-declaration-de-succession-une-trilogie-delicate-2\\\/\"]}]},{\"@type\":\"BreadcrumbList\",\"@id\":\"https:\\\/\\\/137notaires.com\\\/en\\\/lheritier-reservataire-le-legataire-universel-et-la-declaration-de-succession-une-trilogie-delicate-2\\\/#breadcrumb\",\"itemListElement\":[{\"@type\":\"ListItem\",\"position\":1,\"name\":\"Accueil\",\"item\":\"https:\\\/\\\/137notaires.com\\\/en\\\/\"},{\"@type\":\"ListItem\",\"position\":2,\"name\":\"L&#8217;h\u00e9ritier r\u00e9servataire, le l\u00e9gataire universel et la d\u00e9claration de succession : une trilogie d\u00e9licate\"}]},{\"@type\":\"WebSite\",\"@id\":\"https:\\\/\\\/137notaires.com\\\/#website\",\"url\":\"https:\\\/\\\/137notaires.com\\\/\",\"name\":\"137 notaires\",\"description\":\"\",\"potentialAction\":[{\"@type\":\"SearchAction\",\"target\":{\"@type\":\"EntryPoint\",\"urlTemplate\":\"https:\\\/\\\/137notaires.com\\\/?s={search_term_string}\"},\"query-input\":{\"@type\":\"PropertyValueSpecification\",\"valueRequired\":true,\"valueName\":\"search_term_string\"}}],\"inLanguage\":\"en-US\"},{\"@type\":\"Person\",\"@id\":\"https:\\\/\\\/137notaires.com\\\/#\\\/schema\\\/person\\\/95cc0f13347d40e912a9d18b4bfb1d10\",\"name\":\"notaires137\",\"image\":{\"@type\":\"ImageObject\",\"inLanguage\":\"en-US\",\"@id\":\"https:\\\/\\\/secure.gravatar.com\\\/avatar\\\/e82a1c875af1d10692c1bb24d4aa42c9c59dd307bec1ee5f88b9145de9873f1b?s=96&d=mm&r=g\",\"url\":\"https:\\\/\\\/secure.gravatar.com\\\/avatar\\\/e82a1c875af1d10692c1bb24d4aa42c9c59dd307bec1ee5f88b9145de9873f1b?s=96&d=mm&r=g\",\"contentUrl\":\"https:\\\/\\\/secure.gravatar.com\\\/avatar\\\/e82a1c875af1d10692c1bb24d4aa42c9c59dd307bec1ee5f88b9145de9873f1b?s=96&d=mm&r=g\",\"caption\":\"notaires137\"},\"sameAs\":[\"http:\\\/\\\/localhost\\\/notaires137\"]}]}<\/script>\n<!-- \/ Yoast SEO plugin. -->","yoast_head_json":{"title":"L'h\u00e9ritier r\u00e9servataire, le l\u00e9gataire universel et la d\u00e9claration de succession : une trilogie d\u00e9licate - 137 notaires","robots":{"index":"index","follow":"follow","max-snippet":"max-snippet:-1","max-image-preview":"max-image-preview:large","max-video-preview":"max-video-preview:-1"},"canonical":"https:\/\/137notaires.com\/en\/lheritier-reservataire-le-legataire-universel-et-la-declaration-de-succession-une-trilogie-delicate-2\/","og_locale":"en_US","og_type":"article","og_title":"L'h\u00e9ritier r\u00e9servataire, le l\u00e9gataire universel et la d\u00e9claration de succession : une trilogie d\u00e9licate - 137 notaires","og_description":"Retour sur la d\u00e9cision du Conseil constitutionnel du 1er juin 2023 n\u00b0 2023-1051 QPC L\u2019h\u00e9ritier r\u00e9servataire est-il tenu de d\u00e9poser, en pr\u00e9sence d\u2019un l\u00e9gataire universel, une d\u00e9claration de succession dans les six mois du d\u00e9c\u00e8s? Le Conseil constitutionnel a r\u00e9pondu par l\u2019affirmative, \u00e0 l\u2019occasion, d\u2019une question prioritaire de constitutionnalit\u00e9. La doctrine administrative, il est vrai, [&hellip;]","og_url":"https:\/\/137notaires.com\/en\/lheritier-reservataire-le-legataire-universel-et-la-declaration-de-succession-une-trilogie-delicate-2\/","og_site_name":"137 notaires","article_published_time":"2023-06-27T20:17:38+00:00","author":"notaires137","twitter_card":"summary_large_image","twitter_misc":{"Written by":"notaires137","Est. reading time":"6 minutes"},"schema":{"@context":"https:\/\/schema.org","@graph":[{"@type":"Article","@id":"https:\/\/137notaires.com\/en\/lheritier-reservataire-le-legataire-universel-et-la-declaration-de-succession-une-trilogie-delicate-2\/#article","isPartOf":{"@id":"https:\/\/137notaires.com\/en\/lheritier-reservataire-le-legataire-universel-et-la-declaration-de-succession-une-trilogie-delicate-2\/"},"author":{"name":"notaires137","@id":"https:\/\/137notaires.com\/#\/schema\/person\/95cc0f13347d40e912a9d18b4bfb1d10"},"headline":"L&#8217;h\u00e9ritier r\u00e9servataire, le l\u00e9gataire universel et la d\u00e9claration de succession : une trilogie d\u00e9licate","datePublished":"2023-06-27T20:17:38+00:00","mainEntityOfPage":{"@id":"https:\/\/137notaires.com\/en\/lheritier-reservataire-le-legataire-universel-et-la-declaration-de-succession-une-trilogie-delicate-2\/"},"wordCount":1224,"commentCount":0,"articleSection":["Legal"],"inLanguage":"en-US","potentialAction":[{"@type":"CommentAction","name":"Comment","target":["https:\/\/137notaires.com\/en\/lheritier-reservataire-le-legataire-universel-et-la-declaration-de-succession-une-trilogie-delicate-2\/#respond"]}]},{"@type":"WebPage","@id":"https:\/\/137notaires.com\/en\/lheritier-reservataire-le-legataire-universel-et-la-declaration-de-succession-une-trilogie-delicate-2\/","url":"https:\/\/137notaires.com\/en\/lheritier-reservataire-le-legataire-universel-et-la-declaration-de-succession-une-trilogie-delicate-2\/","name":"L'h\u00e9ritier r\u00e9servataire, le l\u00e9gataire universel et la d\u00e9claration de succession : une trilogie d\u00e9licate - 137 notaires","isPartOf":{"@id":"https:\/\/137notaires.com\/#website"},"datePublished":"2023-06-27T20:17:38+00:00","author":{"@id":"https:\/\/137notaires.com\/#\/schema\/person\/95cc0f13347d40e912a9d18b4bfb1d10"},"breadcrumb":{"@id":"https:\/\/137notaires.com\/en\/lheritier-reservataire-le-legataire-universel-et-la-declaration-de-succession-une-trilogie-delicate-2\/#breadcrumb"},"inLanguage":"en-US","potentialAction":[{"@type":"ReadAction","target":["https:\/\/137notaires.com\/en\/lheritier-reservataire-le-legataire-universel-et-la-declaration-de-succession-une-trilogie-delicate-2\/"]}]},{"@type":"BreadcrumbList","@id":"https:\/\/137notaires.com\/en\/lheritier-reservataire-le-legataire-universel-et-la-declaration-de-succession-une-trilogie-delicate-2\/#breadcrumb","itemListElement":[{"@type":"ListItem","position":1,"name":"Accueil","item":"https:\/\/137notaires.com\/en\/"},{"@type":"ListItem","position":2,"name":"L&#8217;h\u00e9ritier r\u00e9servataire, le l\u00e9gataire universel et la d\u00e9claration de succession : une trilogie d\u00e9licate"}]},{"@type":"WebSite","@id":"https:\/\/137notaires.com\/#website","url":"https:\/\/137notaires.com\/","name":"137 notaires","description":"","potentialAction":[{"@type":"SearchAction","target":{"@type":"EntryPoint","urlTemplate":"https:\/\/137notaires.com\/?s={search_term_string}"},"query-input":{"@type":"PropertyValueSpecification","valueRequired":true,"valueName":"search_term_string"}}],"inLanguage":"en-US"},{"@type":"Person","@id":"https:\/\/137notaires.com\/#\/schema\/person\/95cc0f13347d40e912a9d18b4bfb1d10","name":"notaires137","image":{"@type":"ImageObject","inLanguage":"en-US","@id":"https:\/\/secure.gravatar.com\/avatar\/e82a1c875af1d10692c1bb24d4aa42c9c59dd307bec1ee5f88b9145de9873f1b?s=96&d=mm&r=g","url":"https:\/\/secure.gravatar.com\/avatar\/e82a1c875af1d10692c1bb24d4aa42c9c59dd307bec1ee5f88b9145de9873f1b?s=96&d=mm&r=g","contentUrl":"https:\/\/secure.gravatar.com\/avatar\/e82a1c875af1d10692c1bb24d4aa42c9c59dd307bec1ee5f88b9145de9873f1b?s=96&d=mm&r=g","caption":"notaires137"},"sameAs":["http:\/\/localhost\/notaires137"]}]}},"_links":{"self":[{"href":"https:\/\/137notaires.com\/en\/wp-json\/wp\/v2\/posts\/1822","targetHints":{"allow":["GET"]}}],"collection":[{"href":"https:\/\/137notaires.com\/en\/wp-json\/wp\/v2\/posts"}],"about":[{"href":"https:\/\/137notaires.com\/en\/wp-json\/wp\/v2\/types\/post"}],"author":[{"embeddable":true,"href":"https:\/\/137notaires.com\/en\/wp-json\/wp\/v2\/users\/1"}],"replies":[{"embeddable":true,"href":"https:\/\/137notaires.com\/en\/wp-json\/wp\/v2\/comments?post=1822"}],"version-history":[{"count":0,"href":"https:\/\/137notaires.com\/en\/wp-json\/wp\/v2\/posts\/1822\/revisions"}],"wp:attachment":[{"href":"https:\/\/137notaires.com\/en\/wp-json\/wp\/v2\/media?parent=1822"}],"wp:term":[{"taxonomy":"category","embeddable":true,"href":"https:\/\/137notaires.com\/en\/wp-json\/wp\/v2\/categories?post=1822"},{"taxonomy":"post_tag","embeddable":true,"href":"https:\/\/137notaires.com\/en\/wp-json\/wp\/v2\/tags?post=1822"}],"curies":[{"name":"wp","href":"https:\/\/api.w.org\/{rel}","templated":true}]}}