{"id":1800,"date":"2024-03-13T15:33:00","date_gmt":"2024-03-13T14:33:00","guid":{"rendered":"https:\/\/137notaires.eliott-markus.cloud\/la-motivation-dune-decision-de-preemption-dans-un-perimetre-de-sauvegarde-du-commerce-et-de-lartisanat\/"},"modified":"2024-04-19T13:24:01","modified_gmt":"2024-04-19T11:24:01","slug":"la-motivation-dune-decision-de-preemption-dans-un-perimetre-de-sauvegarde-du-commerce-et-de-lartisanat","status":"publish","type":"post","link":"https:\/\/137notaires.com\/en\/la-motivation-dune-decision-de-preemption-dans-un-perimetre-de-sauvegarde-du-commerce-et-de-lartisanat\/","title":{"rendered":"La motivation d\u2019une d\u00e9cision de pr\u00e9emption dans un p\u00e9rim\u00e8tre de sauvegarde du commerce et de l\u2019artisanat"},"content":{"rendered":"\n<p><\/p>\n\n\n\n<p class=\"has-text-align-center\"><em>Remarques autour de la d\u00e9cision du Conseil d&#8217;Etat du 15 d\u00e9cembre 2023 n\u00b0 470167<\/em><\/p>\n\n\n\n<p><\/p>\n\n\n\n<p>Cr\u00e9\u00e9 par l\u2019article 58 de la loi du 2 ao\u00fbt 2005 en faveur des PME et codifi\u00e9 aux articles L. 214-1 et suivants du code de l\u2019Urbanisme, le droit de pr\u00e9emption commercial a connu un succ\u00e8s mod\u00e9r\u00e9 aupr\u00e8s des communes.<\/p>\n\n\n\n<p>Sa finalit\u00e9 est de pr\u00e9server la diversit\u00e9 commerciale et d&#8217;\u00e9viter que les commerces de proximit\u00e9 ne soient \u00e9limin\u00e9s lors des cessions.<\/p>\n\n\n\n<p>Il est en pratique assez peu utilis\u00e9 : les collectivit\u00e9s ont du mal \u00e0 maintenir la viabilit\u00e9 des fonds pr\u00e9empt\u00e9s et \u00e0 retrouver un cessionnaire dans les conditions pos\u00e9es par les textes. <\/p>\n\n\n\n<p>Il aura d&#8217;ailleurs fallu attendre la d\u00e9cision du Conseil d&#8217;Etat du 15 d\u00e9cembre 2023 pour que soient pr\u00e9cis\u00e9es les conditions d&#8217;exercice l\u00e9gal de ce droit de pr\u00e9emption. <\/p>\n\n\n\n<p>La commune, dans le cadre de l&#8217;exercice de ce droit, doit-elle justifier de la r\u00e9alit\u00e9 d&#8217;un projet envisag\u00e9, r\u00e9pondant ainsi aux conditions fix\u00e9es par les articles L.210-1 et  L.300-1 du Code de l&#8217;Urbanisme applicables au droit de pr\u00e9emption urbain  ?<\/p>\n\n\n\n<p>Une telle question est in\u00e9dite en la mati\u00e8re. <\/p>\n\n\n\n<p>La r\u00e9ponse des magistrats est positive, et il s&#8217;agit ici d\u2019une innovation jurisprudentielle. <\/p>\n\n\n\n<p>Auparavant, l\u2019exercice du droit de pr\u00e9emption commercial reposait sur une d\u00e9monstration simple : l\u2019activit\u00e9 du cessionnaire envisag\u00e9 r\u00e9pond-elle ou non, aux objectifs de sauvegarde des activit\u00e9s artisanales et commerciales de proximit\u00e9&nbsp;de la commune ? (CE, 27 f\u00e9vrier 2017, n\u00b0403511). Nul besoin de viser un projet pr\u00e9cis, la pr\u00e9emption pouvant \u00eatre motiv\u00e9e par la volont\u00e9 de faire obstacle \u00e0 l\u2019installation d\u2019une activit\u00e9 non d\u00e9sir\u00e9e.<\/p>\n\n\n\n<p><\/p>\n\n\n\n<p class=\"has-text-align-center\"><strong>Au contraire, le Conseil d&#8217;Etat d\u00e9cide ici de rendre applicables au droit de pr\u00e9emption commercial les textes aff\u00e9rents au droit de pr\u00e9emption urbain. <\/strong><\/p>\n\n\n\n<p><\/p>\n\n\n\n<p class=\"has-text-align-left\">L\u2019article L. 210-1 du code de l&#8217;Urbanisme pr\u00e9voit que \u00ab <em>toute d\u00e9cision de pr\u00e9emption doit mentionner l&#8217;objet pour lequel ce droit est exerc\u00e9 <\/em>\u00bb et, les droits de pr\u00e9emption institu\u00e9s par le titre I du livre II de la premi\u00e8re partie du code de l\u2019Urbanisme \u00ab <em>sont exerc\u00e9s en vue de la r\u00e9alisation, dans l\u2019int\u00e9r\u00eat g\u00e9n\u00e9ral, des actions ou op\u00e9rations r\u00e9pondant aux objets d\u00e9finis \u00e0 l\u2019article L. 300-1<\/em> \u00bb, au titre desquels figurent : l\u2019organisation de la mutation, le maintien, l&#8217;extension ou l&#8217;accueil des activit\u00e9s \u00e9conomiques, la mise en place d\u2019un projet urbain ou d\u2019une politique locale de l\u2019habitat ou la r\u00e9alisation d\u2019\u00e9quipements collectifs.<\/p>\n\n\n\n<p>Le droit de pr\u00e9emption commercial instaur\u00e9 aux articles L. 214-1 et suivants du code de l&#8217;Urbanisme figure au nombre des droits de pr\u00e9emption mentionn\u00e9s par l\u2019article L. 210-1 du m\u00eame Code. <br><\/p>\n\n\n\n<p>En l&#8217;esp\u00e8ce, la d\u00e9cision de pr\u00e9emption de la commune \u00e9tait laconique sur le projet envisag\u00e9. <\/p>\n\n\n\n<p>Elle indiquait justifier sa pr\u00e9emption par le maintien d&#8217;une diversit\u00e9 commerciale et artisanale forte dans le quartier et, la volont\u00e9, de ne pas \u00e9tendre un commerce d\u00e9j\u00e0 existant. <\/p>\n\n\n\n<p>La commune entend certes maintenir des activit\u00e9s \u00e9conomiques mais elle ne pr\u00e9cise pas ce qu&#8217;elle souhaite r\u00e9aliser \u00e0 l&#8217;issue de la pr\u00e9emption du local, et ne produit aucun document laissant appara\u00eetre une r\u00e9flexion en ce sens. <\/p>\n\n\n\n<p>Pour les magistrats, une telle pr\u00e9emption, \u00e0 l&#8217;aveugle, ne peut se r\u00e9aliser. <\/p>\n\n\n\n<p><\/p>\n\n\n\n<p class=\"has-text-align-center\"><strong>La collectivit\u00e9 doit avoir une id\u00e9e du devenir du bien pr\u00e9empt\u00e9.<\/strong> <\/p>\n\n\n\n<p><\/p>\n\n\n\n<p>Dor\u00e9navant, comme pour le droit de pr\u00e9emption urbain et conform\u00e9ment \u00e0 la jurisprudence du Conseil d&#8217;Etat du 7 mars 2008 (Commune de Meung-sur-Loire, n\u00b0 288371), la commune devra, pour exercer son droit de pr\u00e9emption de l&#8217;article L.214-1 du Code de l&#8217;Urbanisme, indiquer aux termes de sa d\u00e9cision de pr\u00e9emption la ou les activit\u00e9s commerciales ou artisanales qu\u2019elle souhaite d\u00e9velopper dans le p\u00e9rim\u00e8tre de sauvegarde. <\/p>\n\n\n\n<p>Le Conseil d\u2019Etat pr\u00e9cise toutefois dans sa d\u00e9cision qu\u2019il n\u2019est pas exig\u00e9 que les caract\u00e9ristiques pr\u00e9cises du projet soient d\u00e9finies \u00e0 la date de pr\u00e9emption.<\/p>\n\n\n\n<p>Les d\u00e9lib\u00e9rations instituant les p\u00e9rim\u00e8tres de sauvegarde pourraient d&#8217;ailleurs indiquer pr\u00e9cis\u00e9ment le programme de maintien et de d\u00e9veloppement du commerce de proximit\u00e9 tel que l\u2019installation de commerces de bouche, de caf\u00e9s, de restaurants, d\u2019\u00e9quipements de proximit\u00e9 ou de certains types de magasins. <\/p>\n\n\n\n<p><\/p>\n\n\n\n<p class=\"has-text-align-center\"><strong>La collectivit\u00e9, conform\u00e9ment \u00e0 l&#8217;article L. 210-1 du Code de l&#8217;Urbanisme, est donc tenue d&#8217;indiquer les activit\u00e9s qu&#8217;elle entend d\u00e9velopper par la pr\u00e9emption dans le p\u00e9rim\u00e8tre de sauvegarde <\/strong><\/p>\n\n\n\n<p><\/p>\n\n\n\n<p>Mais cette pr\u00e9emption doit aussi r\u00e9pondre \u00e0 la r\u00e9alisation d\u2019une \u00ab action \u00bb ou d\u2019une \u00ab op\u00e9ration \u00bb r\u00e9pondant aux objectifs de l\u2019article L. 300-1 du Code de l&#8217;Urbanisme : la collectivit\u00e9 doit r\u00e9ellement r\u00e9aliser, par sa pr\u00e9emption, sa politique publique et ce, \u00e0 des fins d&#8217;int\u00e9r\u00eat g\u00e9n\u00e9ral. <\/p>\n\n\n\n<p>En d&#8217;autres termes, faute d&#8217;un projet tangible conforme \u00e0 l&#8217;int\u00e9r\u00eat g\u00e9n\u00e9ral, il sera d\u00e9licat de valider la d\u00e9cision de pr\u00e9emption. <\/p>\n\n\n\n<p>Le Conseil d\u2019\u00c9tat d\u00e9cide donc clairement, par cette d\u00e9cision, de transposer au droit de pr\u00e9emption commercial, les exigences qui pr\u00e9sident \u00e0 l\u2019exercice du droit de pr\u00e9emption urbain, et qui sont justifi\u00e9es par l\u2019atteinte au droit de propri\u00e9t\u00e9 que constitue le m\u00e9canisme de la pr\u00e9emption. <\/p>\n\n\n\n<p>Il appartiendra donc \u00e0 la collectivit\u00e9 de justifier&nbsp;de la r\u00e9alit\u00e9 d\u2019un projet r\u00e9pondant aux objectifs mentionn\u00e9s \u00e0 l\u2019article L. 300-1 du code de l\u2019Urbanisme, alors m\u00eame que les caract\u00e9ristiques pr\u00e9cises de ce projet n\u2019auraient pas \u00e9t\u00e9 d\u00e9finies \u00e0 cette date&nbsp;et, d\u2019un int\u00e9r\u00eat g\u00e9n\u00e9ral suffisant, qui s\u2019appr\u00e9cie, selon cette d\u00e9cision du 15 d\u00e9cembre 2023,  \u00ab&nbsp;<em>eu \u00e9gard notamment aux caract\u00e9ristiques du bien, en l\u2019occurrence le fonds artisanal ou commercial ou le bail commercial, faisant l\u2019objet de l\u2019op\u00e9ration ou au co\u00fbt pr\u00e9visible de cette derni\u00e8re&nbsp;<\/em>\u00bb<\/p>\n\n\n\n<p><\/p>\n\n\n\n<p><\/p>\n","protected":false},"excerpt":{"rendered":"<p>Remarques autour de la d\u00e9cision du Conseil d&#8217;Etat du 15 d\u00e9cembre 2023 n\u00b0 470167 Cr\u00e9\u00e9 par l\u2019article 58 de la loi du 2 ao\u00fbt 2005 en faveur des PME et codifi\u00e9 aux articles L. 214-1 et suivants du code de l\u2019Urbanisme, le droit de pr\u00e9emption commercial a connu un succ\u00e8s mod\u00e9r\u00e9 aupr\u00e8s des communes. Sa [&hellip;]<\/p>\n","protected":false},"author":1,"featured_media":0,"comment_status":"open","ping_status":"open","sticky":false,"template":"","format":"standard","meta":{"_acf_changed":false,"footnotes":""},"categories":[24],"tags":[],"class_list":["post-1800","post","type-post","status-publish","format-standard","hentry","category-legal"],"acf":[],"yoast_head":"<!-- This site is optimized with the Yoast SEO plugin v27.3 - https:\/\/yoast.com\/product\/yoast-seo-wordpress\/ -->\n<title>La motivation d\u2019une d\u00e9cision de pr\u00e9emption dans un p\u00e9rim\u00e8tre de sauvegarde du commerce et de l\u2019artisanat - 137 notaires<\/title>\n<meta name=\"robots\" content=\"index, follow, max-snippet:-1, max-image-preview:large, max-video-preview:-1\" \/>\n<link rel=\"canonical\" href=\"https:\/\/137notaires.com\/en\/la-motivation-dune-decision-de-preemption-dans-un-perimetre-de-sauvegarde-du-commerce-et-de-lartisanat\/\" \/>\n<meta property=\"og:locale\" content=\"en_US\" \/>\n<meta property=\"og:type\" content=\"article\" \/>\n<meta property=\"og:title\" content=\"La motivation d\u2019une d\u00e9cision de pr\u00e9emption dans un p\u00e9rim\u00e8tre de sauvegarde du commerce et de l\u2019artisanat - 137 notaires\" \/>\n<meta property=\"og:description\" content=\"Remarques autour de la d\u00e9cision du Conseil d&#8217;Etat du 15 d\u00e9cembre 2023 n\u00b0 470167 Cr\u00e9\u00e9 par l\u2019article 58 de la loi du 2 ao\u00fbt 2005 en faveur des PME et codifi\u00e9 aux articles L. 214-1 et suivants du code de l\u2019Urbanisme, le droit de pr\u00e9emption commercial a connu un succ\u00e8s mod\u00e9r\u00e9 aupr\u00e8s des communes. Sa [&hellip;]\" \/>\n<meta property=\"og:url\" content=\"https:\/\/137notaires.com\/en\/la-motivation-dune-decision-de-preemption-dans-un-perimetre-de-sauvegarde-du-commerce-et-de-lartisanat\/\" \/>\n<meta property=\"og:site_name\" content=\"137 notaires\" \/>\n<meta property=\"article:published_time\" content=\"2024-03-13T14:33:00+00:00\" \/>\n<meta property=\"article:modified_time\" content=\"2024-04-19T11:24:01+00:00\" \/>\n<meta name=\"author\" content=\"notaires137\" \/>\n<meta name=\"twitter:card\" content=\"summary_large_image\" \/>\n<meta name=\"twitter:label1\" content=\"Written by\" \/>\n\t<meta name=\"twitter:data1\" content=\"notaires137\" \/>\n\t<meta name=\"twitter:label2\" content=\"Est. reading time\" \/>\n\t<meta name=\"twitter:data2\" content=\"5 minutes\" \/>\n<script type=\"application\/ld+json\" class=\"yoast-schema-graph\">{\"@context\":\"https:\\\/\\\/schema.org\",\"@graph\":[{\"@type\":\"Article\",\"@id\":\"https:\\\/\\\/137notaires.com\\\/en\\\/la-motivation-dune-decision-de-preemption-dans-un-perimetre-de-sauvegarde-du-commerce-et-de-lartisanat\\\/#article\",\"isPartOf\":{\"@id\":\"https:\\\/\\\/137notaires.com\\\/en\\\/la-motivation-dune-decision-de-preemption-dans-un-perimetre-de-sauvegarde-du-commerce-et-de-lartisanat\\\/\"},\"author\":{\"name\":\"notaires137\",\"@id\":\"https:\\\/\\\/137notaires.com\\\/#\\\/schema\\\/person\\\/95cc0f13347d40e912a9d18b4bfb1d10\"},\"headline\":\"La motivation d\u2019une d\u00e9cision de pr\u00e9emption dans un p\u00e9rim\u00e8tre de sauvegarde du commerce et de l\u2019artisanat\",\"datePublished\":\"2024-03-13T14:33:00+00:00\",\"dateModified\":\"2024-04-19T11:24:01+00:00\",\"mainEntityOfPage\":{\"@id\":\"https:\\\/\\\/137notaires.com\\\/en\\\/la-motivation-dune-decision-de-preemption-dans-un-perimetre-de-sauvegarde-du-commerce-et-de-lartisanat\\\/\"},\"wordCount\":1083,\"commentCount\":0,\"articleSection\":[\"Legal\"],\"inLanguage\":\"en-US\",\"potentialAction\":[{\"@type\":\"CommentAction\",\"name\":\"Comment\",\"target\":[\"https:\\\/\\\/137notaires.com\\\/en\\\/la-motivation-dune-decision-de-preemption-dans-un-perimetre-de-sauvegarde-du-commerce-et-de-lartisanat\\\/#respond\"]}]},{\"@type\":\"WebPage\",\"@id\":\"https:\\\/\\\/137notaires.com\\\/en\\\/la-motivation-dune-decision-de-preemption-dans-un-perimetre-de-sauvegarde-du-commerce-et-de-lartisanat\\\/\",\"url\":\"https:\\\/\\\/137notaires.com\\\/en\\\/la-motivation-dune-decision-de-preemption-dans-un-perimetre-de-sauvegarde-du-commerce-et-de-lartisanat\\\/\",\"name\":\"La motivation d\u2019une d\u00e9cision de pr\u00e9emption dans un p\u00e9rim\u00e8tre de sauvegarde du commerce et de l\u2019artisanat - 137 notaires\",\"isPartOf\":{\"@id\":\"https:\\\/\\\/137notaires.com\\\/#website\"},\"datePublished\":\"2024-03-13T14:33:00+00:00\",\"dateModified\":\"2024-04-19T11:24:01+00:00\",\"author\":{\"@id\":\"https:\\\/\\\/137notaires.com\\\/#\\\/schema\\\/person\\\/95cc0f13347d40e912a9d18b4bfb1d10\"},\"breadcrumb\":{\"@id\":\"https:\\\/\\\/137notaires.com\\\/en\\\/la-motivation-dune-decision-de-preemption-dans-un-perimetre-de-sauvegarde-du-commerce-et-de-lartisanat\\\/#breadcrumb\"},\"inLanguage\":\"en-US\",\"potentialAction\":[{\"@type\":\"ReadAction\",\"target\":[\"https:\\\/\\\/137notaires.com\\\/en\\\/la-motivation-dune-decision-de-preemption-dans-un-perimetre-de-sauvegarde-du-commerce-et-de-lartisanat\\\/\"]}]},{\"@type\":\"BreadcrumbList\",\"@id\":\"https:\\\/\\\/137notaires.com\\\/en\\\/la-motivation-dune-decision-de-preemption-dans-un-perimetre-de-sauvegarde-du-commerce-et-de-lartisanat\\\/#breadcrumb\",\"itemListElement\":[{\"@type\":\"ListItem\",\"position\":1,\"name\":\"Accueil\",\"item\":\"https:\\\/\\\/137notaires.com\\\/en\\\/\"},{\"@type\":\"ListItem\",\"position\":2,\"name\":\"La motivation d\u2019une d\u00e9cision de pr\u00e9emption dans un p\u00e9rim\u00e8tre de sauvegarde du commerce et de l\u2019artisanat\"}]},{\"@type\":\"WebSite\",\"@id\":\"https:\\\/\\\/137notaires.com\\\/#website\",\"url\":\"https:\\\/\\\/137notaires.com\\\/\",\"name\":\"137 notaires\",\"description\":\"\",\"potentialAction\":[{\"@type\":\"SearchAction\",\"target\":{\"@type\":\"EntryPoint\",\"urlTemplate\":\"https:\\\/\\\/137notaires.com\\\/?s={search_term_string}\"},\"query-input\":{\"@type\":\"PropertyValueSpecification\",\"valueRequired\":true,\"valueName\":\"search_term_string\"}}],\"inLanguage\":\"en-US\"},{\"@type\":\"Person\",\"@id\":\"https:\\\/\\\/137notaires.com\\\/#\\\/schema\\\/person\\\/95cc0f13347d40e912a9d18b4bfb1d10\",\"name\":\"notaires137\",\"image\":{\"@type\":\"ImageObject\",\"inLanguage\":\"en-US\",\"@id\":\"https:\\\/\\\/secure.gravatar.com\\\/avatar\\\/e82a1c875af1d10692c1bb24d4aa42c9c59dd307bec1ee5f88b9145de9873f1b?s=96&d=mm&r=g\",\"url\":\"https:\\\/\\\/secure.gravatar.com\\\/avatar\\\/e82a1c875af1d10692c1bb24d4aa42c9c59dd307bec1ee5f88b9145de9873f1b?s=96&d=mm&r=g\",\"contentUrl\":\"https:\\\/\\\/secure.gravatar.com\\\/avatar\\\/e82a1c875af1d10692c1bb24d4aa42c9c59dd307bec1ee5f88b9145de9873f1b?s=96&d=mm&r=g\",\"caption\":\"notaires137\"},\"sameAs\":[\"http:\\\/\\\/localhost\\\/notaires137\"]}]}<\/script>\n<!-- \/ Yoast SEO plugin. -->","yoast_head_json":{"title":"La motivation d\u2019une d\u00e9cision de pr\u00e9emption dans un p\u00e9rim\u00e8tre de sauvegarde du commerce et de l\u2019artisanat - 137 notaires","robots":{"index":"index","follow":"follow","max-snippet":"max-snippet:-1","max-image-preview":"max-image-preview:large","max-video-preview":"max-video-preview:-1"},"canonical":"https:\/\/137notaires.com\/en\/la-motivation-dune-decision-de-preemption-dans-un-perimetre-de-sauvegarde-du-commerce-et-de-lartisanat\/","og_locale":"en_US","og_type":"article","og_title":"La motivation d\u2019une d\u00e9cision de pr\u00e9emption dans un p\u00e9rim\u00e8tre de sauvegarde du commerce et de l\u2019artisanat - 137 notaires","og_description":"Remarques autour de la d\u00e9cision du Conseil d&#8217;Etat du 15 d\u00e9cembre 2023 n\u00b0 470167 Cr\u00e9\u00e9 par l\u2019article 58 de la loi du 2 ao\u00fbt 2005 en faveur des PME et codifi\u00e9 aux articles L. 214-1 et suivants du code de l\u2019Urbanisme, le droit de pr\u00e9emption commercial a connu un succ\u00e8s mod\u00e9r\u00e9 aupr\u00e8s des communes. Sa [&hellip;]","og_url":"https:\/\/137notaires.com\/en\/la-motivation-dune-decision-de-preemption-dans-un-perimetre-de-sauvegarde-du-commerce-et-de-lartisanat\/","og_site_name":"137 notaires","article_published_time":"2024-03-13T14:33:00+00:00","article_modified_time":"2024-04-19T11:24:01+00:00","author":"notaires137","twitter_card":"summary_large_image","twitter_misc":{"Written by":"notaires137","Est. reading time":"5 minutes"},"schema":{"@context":"https:\/\/schema.org","@graph":[{"@type":"Article","@id":"https:\/\/137notaires.com\/en\/la-motivation-dune-decision-de-preemption-dans-un-perimetre-de-sauvegarde-du-commerce-et-de-lartisanat\/#article","isPartOf":{"@id":"https:\/\/137notaires.com\/en\/la-motivation-dune-decision-de-preemption-dans-un-perimetre-de-sauvegarde-du-commerce-et-de-lartisanat\/"},"author":{"name":"notaires137","@id":"https:\/\/137notaires.com\/#\/schema\/person\/95cc0f13347d40e912a9d18b4bfb1d10"},"headline":"La motivation d\u2019une d\u00e9cision de pr\u00e9emption dans un p\u00e9rim\u00e8tre de sauvegarde du commerce et de l\u2019artisanat","datePublished":"2024-03-13T14:33:00+00:00","dateModified":"2024-04-19T11:24:01+00:00","mainEntityOfPage":{"@id":"https:\/\/137notaires.com\/en\/la-motivation-dune-decision-de-preemption-dans-un-perimetre-de-sauvegarde-du-commerce-et-de-lartisanat\/"},"wordCount":1083,"commentCount":0,"articleSection":["Legal"],"inLanguage":"en-US","potentialAction":[{"@type":"CommentAction","name":"Comment","target":["https:\/\/137notaires.com\/en\/la-motivation-dune-decision-de-preemption-dans-un-perimetre-de-sauvegarde-du-commerce-et-de-lartisanat\/#respond"]}]},{"@type":"WebPage","@id":"https:\/\/137notaires.com\/en\/la-motivation-dune-decision-de-preemption-dans-un-perimetre-de-sauvegarde-du-commerce-et-de-lartisanat\/","url":"https:\/\/137notaires.com\/en\/la-motivation-dune-decision-de-preemption-dans-un-perimetre-de-sauvegarde-du-commerce-et-de-lartisanat\/","name":"La motivation d\u2019une d\u00e9cision de pr\u00e9emption dans un p\u00e9rim\u00e8tre de sauvegarde du commerce et de l\u2019artisanat - 137 notaires","isPartOf":{"@id":"https:\/\/137notaires.com\/#website"},"datePublished":"2024-03-13T14:33:00+00:00","dateModified":"2024-04-19T11:24:01+00:00","author":{"@id":"https:\/\/137notaires.com\/#\/schema\/person\/95cc0f13347d40e912a9d18b4bfb1d10"},"breadcrumb":{"@id":"https:\/\/137notaires.com\/en\/la-motivation-dune-decision-de-preemption-dans-un-perimetre-de-sauvegarde-du-commerce-et-de-lartisanat\/#breadcrumb"},"inLanguage":"en-US","potentialAction":[{"@type":"ReadAction","target":["https:\/\/137notaires.com\/en\/la-motivation-dune-decision-de-preemption-dans-un-perimetre-de-sauvegarde-du-commerce-et-de-lartisanat\/"]}]},{"@type":"BreadcrumbList","@id":"https:\/\/137notaires.com\/en\/la-motivation-dune-decision-de-preemption-dans-un-perimetre-de-sauvegarde-du-commerce-et-de-lartisanat\/#breadcrumb","itemListElement":[{"@type":"ListItem","position":1,"name":"Accueil","item":"https:\/\/137notaires.com\/en\/"},{"@type":"ListItem","position":2,"name":"La motivation d\u2019une d\u00e9cision de pr\u00e9emption dans un p\u00e9rim\u00e8tre de sauvegarde du commerce et de l\u2019artisanat"}]},{"@type":"WebSite","@id":"https:\/\/137notaires.com\/#website","url":"https:\/\/137notaires.com\/","name":"137 notaires","description":"","potentialAction":[{"@type":"SearchAction","target":{"@type":"EntryPoint","urlTemplate":"https:\/\/137notaires.com\/?s={search_term_string}"},"query-input":{"@type":"PropertyValueSpecification","valueRequired":true,"valueName":"search_term_string"}}],"inLanguage":"en-US"},{"@type":"Person","@id":"https:\/\/137notaires.com\/#\/schema\/person\/95cc0f13347d40e912a9d18b4bfb1d10","name":"notaires137","image":{"@type":"ImageObject","inLanguage":"en-US","@id":"https:\/\/secure.gravatar.com\/avatar\/e82a1c875af1d10692c1bb24d4aa42c9c59dd307bec1ee5f88b9145de9873f1b?s=96&d=mm&r=g","url":"https:\/\/secure.gravatar.com\/avatar\/e82a1c875af1d10692c1bb24d4aa42c9c59dd307bec1ee5f88b9145de9873f1b?s=96&d=mm&r=g","contentUrl":"https:\/\/secure.gravatar.com\/avatar\/e82a1c875af1d10692c1bb24d4aa42c9c59dd307bec1ee5f88b9145de9873f1b?s=96&d=mm&r=g","caption":"notaires137"},"sameAs":["http:\/\/localhost\/notaires137"]}]}},"_links":{"self":[{"href":"https:\/\/137notaires.com\/en\/wp-json\/wp\/v2\/posts\/1800","targetHints":{"allow":["GET"]}}],"collection":[{"href":"https:\/\/137notaires.com\/en\/wp-json\/wp\/v2\/posts"}],"about":[{"href":"https:\/\/137notaires.com\/en\/wp-json\/wp\/v2\/types\/post"}],"author":[{"embeddable":true,"href":"https:\/\/137notaires.com\/en\/wp-json\/wp\/v2\/users\/1"}],"replies":[{"embeddable":true,"href":"https:\/\/137notaires.com\/en\/wp-json\/wp\/v2\/comments?post=1800"}],"version-history":[{"count":2,"href":"https:\/\/137notaires.com\/en\/wp-json\/wp\/v2\/posts\/1800\/revisions"}],"predecessor-version":[{"id":2011,"href":"https:\/\/137notaires.com\/en\/wp-json\/wp\/v2\/posts\/1800\/revisions\/2011"}],"wp:attachment":[{"href":"https:\/\/137notaires.com\/en\/wp-json\/wp\/v2\/media?parent=1800"}],"wp:term":[{"taxonomy":"category","embeddable":true,"href":"https:\/\/137notaires.com\/en\/wp-json\/wp\/v2\/categories?post=1800"},{"taxonomy":"post_tag","embeddable":true,"href":"https:\/\/137notaires.com\/en\/wp-json\/wp\/v2\/tags?post=1800"}],"curies":[{"name":"wp","href":"https:\/\/api.w.org\/{rel}","templated":true}]}}